{"id":17463,"date":"2021-12-09T22:38:56","date_gmt":"2021-12-09T21:38:56","guid":{"rendered":"https:\/\/www.bmscience.net\/blog\/?p=17463"},"modified":"2024-01-17T23:00:56","modified_gmt":"2024-01-17T22:00:56","slug":"lorticaria-clinica-e-trattamento","status":"publish","type":"post","link":"https:\/\/www.bmscience.net\/blog\/lorticaria-clinica-e-trattamento\/","title":{"rendered":"L&#8217;orticaria: clinica e trattamento"},"content":{"rendered":"<div class=\"wp-block-image wp-image-17464\">\n<figure class=\"alignright is-resized\"><img loading=\"lazy\" decoding=\"async\" width=\"398\" height=\"298\" src=\"http:\/\/www.bmscience.net\/blog\/wp-content\/uploads\/2021\/12\/pomfi.jpg\" alt=\"\" class=\"wp-image-17464\" style=\"width:239px;height:auto\" srcset=\"https:\/\/www.bmscience.net\/blog\/wp-content\/uploads\/2021\/12\/pomfi.jpg 398w, https:\/\/www.bmscience.net\/blog\/wp-content\/uploads\/2021\/12\/pomfi-300x225.jpg 300w\" sizes=\"auto, (max-width: 398px) 100vw, 398px\" \/><figcaption class=\"wp-element-caption\">Pomfi cutanei pruriginosi<\/figcaption><\/figure>\n<\/div>\n\n\n<p>L\u2019orticaria \u00e8 una dermatosi infiammatoria caratterizzata dalla presenza di <strong>pomfi<\/strong> pruriginosi, <strong>angioedema<\/strong> o entrambi.<\/p>\n\n\n\n<p>Il <strong>pomfo<\/strong> si presenta di dimensioni variabile, quasi costantemente circondato da area eritematosa e di natura fugace regredendo, di solito, in un lasso di tempo compreso tra 30 minuti e 24 ore.<\/p>\n\n\n\n<p>L\u2019<strong>angioedema<\/strong>, che coinvolge pi\u00f9 frequentemente le regioni labiale e palpebrale, pu\u00f2 essere dolente, associato a prurito e presenta una risoluzione pi\u00f9 lenta (fino a 72 ore).<\/p>\n\n\n\n<p>L\u2019orticaria ha come principali <span style=\"text-decoration: underline;\">cause<\/span> l\u2019<strong>allergia alimentare<\/strong> o una <strong>reazione avversa a farmaci di I tipo<\/strong>. Pertanto, nei casi di pazienti che presentano orticaria acuta, il paziente deve essere sottoposto a iter anamnestico e clinico-diagnostico per indagare queste due possibili cause.<\/p>\n\n\n\n<div id=\"rtoc-mokuji-wrapper\" class=\"rtoc-mokuji-content frame4 preset2 animation-slide rtoc_open default\" data-id=\"17463\" data-theme=\"eStar\">\n\t\t\t<div id=\"rtoc-mokuji-title\" class=\"rtoc_btn_none rtoc_center\">\n\t\t\t\n\t\t\t<span>Indice dei contenuti<\/span>\n\t\t\t<\/div><ol class=\"rtoc-mokuji decimal_ol level-1\"><li class=\"rtoc-item\"><a href=\"#rtoc-1\">Classificazione ed epidemiologia<\/a><\/li><li class=\"rtoc-item\"><a href=\"#rtoc-2\">Istopatologia<\/a><\/li><li class=\"rtoc-item\"><a href=\"#rtoc-3\">Patogenesi<\/a><\/li><li class=\"rtoc-item\"><a href=\"#rtoc-4\">Diagnosi e valutazione dell\u2019attivit\u00e0 di malattia<\/a><\/li><li class=\"rtoc-item\"><a href=\"#rtoc-5\">Algoritmo di trattamento<\/a><\/li><\/ol><\/div><h2 id=\"rtoc-1\"  class=\"wp-block-heading\"><span class=\"ez-toc-section\" id=\"Classificazione_ed_epidemiologia\"><\/span>Classificazione ed epidemiologia<span class=\"ez-toc-section-end\"><\/span><\/h2>\n\n\n<div class=\"wp-block-image wp-image-17466\">\n<figure class=\"alignright is-resized\"><img loading=\"lazy\" decoding=\"async\" width=\"443\" height=\"330\" src=\"http:\/\/www.bmscience.net\/blog\/wp-content\/uploads\/2021\/12\/Angioedema.jpg\" alt=\"\" class=\"wp-image-17466\" style=\"width:245px;height:auto\" srcset=\"https:\/\/www.bmscience.net\/blog\/wp-content\/uploads\/2021\/12\/Angioedema.jpg 443w, https:\/\/www.bmscience.net\/blog\/wp-content\/uploads\/2021\/12\/Angioedema-300x223.jpg 300w\" sizes=\"auto, (max-width: 443px) 100vw, 443px\" \/><figcaption class=\"wp-element-caption\">Angioedema labiale<\/figcaption><\/figure>\n<\/div>\n\n\n<p>L\u2019orticaria pu\u00f2 essere classificata in <span style=\"text-decoration: underline;\">acuta<\/span> (se dura meno di 6 settimane) o <span style=\"text-decoration: underline;\">cronica<\/span> (se persiste per pi\u00f9 di 6 settimane).<\/p>\n\n\n\n<p>Gli stimoli in grado di attivare i <strong>mastociti<\/strong> possono venire dall\u2019esterno (<strong>orticaria inducibile<\/strong>) oppure possono essere correlati a meccanismi immunologici indipendenti (<strong>orticaria cronica spontanea<\/strong>).<br>L&#8217;<span style=\"text-decoration: underline;\">orticaria cronica spontanea<\/span> \u00e8 caratterizzata dall&#8217;apparenza spontanea di pomfi, angioedema o entrambi per una durata maggiore alle 6 settimane dovuta a cause conosciute o sconosciute.<br>L&#8217;<span style=\"text-decoration: underline;\">orticaria inducibile<\/span> pu\u00f2 essere dovuta a dermografismo sintomatico, orticaria da freddo, orticaria da pressione ritardata, orticaria solare, orticaria da calore, angioedema vibratorio, orticaria colinergica, orticaria da contatto e orticaria acquagenica.<\/p>\n\n\n\n<p>Il 15-20% della popolazione generale presenta almeno un episodio di orticaria nel corso della vita. Pu\u00f2 presentarsi ad ogni et\u00e0 con un picco di incidenza tra i 20 e i 60 anni ed \u00e8 pi\u00f9 frequente nel sesso femminile (rapporto F:M &#8211; 3:2) in particolare nella forma cronica.<br>L\u2019<strong>Orticaria Cronica<\/strong> colpisce generalmente lo 0,5 &#8211; 1,0% delle persone di et\u00e0 compresa tra <strong>20 e 40 anni<\/strong>, con una durata media della malattia di <strong>1-5 anni<\/strong>.<\/p>\n\n\n\n<p>I dati disponibili indicano che l&#8217;orticaria influisce notevolmente sia sulle \u201ccapacit\u00e0 oggettive\u201d dell\u2019individuo sia sul suo benessere soggettivo. L\u2019Orticaria Cronica, inoltre, determina costi considerevoli per i pazienti e la societ\u00e0 con un frequente ricorso alle risorse sanitarie.<\/p>\n\n\n<div id=\"bmscience3321116601\" style=\"margin-left: auto;margin-right: auto;text-align: center;\"><script async src=\"\/\/pagead2.googlesyndication.com\/pagead\/js\/adsbygoogle.js?client=ca-pub-3495866718878812\" crossorigin=\"anonymous\"><\/script><ins class=\"adsbygoogle\" style=\"display:block;\" data-ad-client=\"ca-pub-3495866718878812\" \ndata-ad-slot=\"4682122636\" \ndata-ad-format=\"auto\" data-full-width-responsive=\"true\"><\/ins>\n<script> \n(adsbygoogle = window.adsbygoogle || []).push({}); \n<\/script>\n<\/div>\n\n\n<h2 id=\"rtoc-2\"  class=\"wp-block-heading\"><span class=\"ez-toc-section\" id=\"Istopatologia\"><\/span>Istopatologia<span class=\"ez-toc-section-end\"><\/span><\/h2>\n\n\n<div class=\"wp-block-image\">\n<figure class=\"alignright\"><img loading=\"lazy\" decoding=\"async\" width=\"267\" height=\"151\" src=\"http:\/\/www.bmscience.net\/blog\/wp-content\/uploads\/2021\/12\/Istologia-pomfo.png\" alt=\"\" class=\"wp-image-17467\"\/><\/figure>\n<\/div>\n\n\n<p>L\u2019orticaria \u00e8 caratterizzata da pomfi e angioedema.<\/p>\n\n\n\n<ul class=\"wp-block-list\">\n<li>Il <strong>pomfo<\/strong> \u00e8 un edema del derma superiore e medio che si forma a causa della dilatazione e permeabilit\u00e0 aumentata delle venule postcapillari e dei vasi linfatici del derma superiore, questo porta ad una fuoriuscita del siero nel tessuto.<\/li>\n\n\n\n<li>L\u2019<strong>angioedema <\/strong>\u00e8 un edema del derma inferiore e del sottocute.<\/li>\n<\/ul>\n\n\n\n<h2 id=\"rtoc-3\"  class=\"wp-block-heading\"><span class=\"ez-toc-section\" id=\"Patogenesi\"><\/span>Patogenesi<span class=\"ez-toc-section-end\"><\/span><\/h2>\n\n\n\n<p>L&#8217;orticaria \u00e8 una malattia le cui manifestazioni cliniche sono determinate da un prevalente coinvolgimento dei <strong>mastociti<\/strong> che, attraverso la liberazione di <strong>istamina<\/strong> e altri mediatori, come il <strong>fattore di attivazione piastrinica<\/strong> (PAF) e citochine, provocano l&#8217;attivazione dei nervi sensoriali, la vasodilatazione e lo stravaso di plasma, nonch\u00e9 il reclutamento cellulare.<br>I segnali di attivazione dei mastociti nell&#8217;orticaria non sono stati ancora completamente chiariti e, molto probabilmente, sono eterogenei e diversi.<\/p>\n\n\n\n<p>La patogenesi \u00e8 sconosciuta. Varie linee di evidenza indicano che diversi sistemi biologici come l&#8217;immunit\u00e0, l&#8217;infiammazione e la coagulazione possono contribuire a un meccanismo comune che porta alla generazione di orticaria.<\/p>\n\n\n\n<p>La patogenesi dell&#8217;orticaria cronica \u00e8 probabilmente caratterizzata da una molteplicit\u00e0 di meccanismi.<\/p>\n\n\n<div class=\"wp-block-image\">\n<figure class=\"aligncenter\"><img loading=\"lazy\" decoding=\"async\" width=\"1109\" height=\"468\" src=\"http:\/\/www.bmscience.net\/blog\/wp-content\/uploads\/2021\/12\/Patogenesi-orticaria.jpg\" alt=\"\" class=\"wp-image-17468\" srcset=\"https:\/\/www.bmscience.net\/blog\/wp-content\/uploads\/2021\/12\/Patogenesi-orticaria.jpg 1109w, https:\/\/www.bmscience.net\/blog\/wp-content\/uploads\/2021\/12\/Patogenesi-orticaria-300x127.jpg 300w, https:\/\/www.bmscience.net\/blog\/wp-content\/uploads\/2021\/12\/Patogenesi-orticaria-1024x432.jpg 1024w, https:\/\/www.bmscience.net\/blog\/wp-content\/uploads\/2021\/12\/Patogenesi-orticaria-768x324.jpg 768w\" sizes=\"auto, (max-width: 1109px) 100vw, 1109px\" \/><\/figure>\n<\/div>\n\n<div id=\"bmscience1584035129\" style=\"margin-left: auto;margin-right: auto;text-align: center;\"><div data-id='24153' class='amazon-auto-links aal-js-loading'><p class='now-loading-placeholder'>Caricamento&#8230;<\/p><\/div>\r\n\r\n<\/div>\n\n\n<h2 id=\"rtoc-4\"  class=\"wp-block-heading\"><span class=\"ez-toc-section\" id=\"Diagnosi_e_valutazione_dellattivita_di_malattia\"><\/span>Diagnosi e valutazione dell\u2019attivit\u00e0 di malattia<span class=\"ez-toc-section-end\"><\/span><\/h2>\n\n\n\n<p>L\u2019<strong><em>Urticaria Activity Score <\/em><\/strong>(<strong>UAS<\/strong>) \u00e8 un sistema di punteggio semplice, validato, proposto dalle linee guida che si basa sulla valutazione dei segni e dei sintomi chiave dell\u2019Orticaria (pomfi e prurito) nelle ultime 24 ore con un punteggio crescente in base alla sintomatologia stessa.<\/p>\n\n\n\n<p>Il valore UAS \u00e8 la somma dei valori numerici di pomfi e prurito e, quindi, pu\u00f2 variare da un minimo di 0 ad un massimo di 6 come punteggio giornaliero.<\/p>\n\n\n\n<table id=\"tablepress-15\" class=\"tablepress tablepress-id-15\">\n<thead>\n<tr class=\"row-1\">\n\t<th class=\"column-1\"><center><strong>Score<\/strong><\/center><\/th><th class=\"column-2\"><strong>Pomfi<\/strong><\/th><th class=\"column-3\"><strong>Prurito<\/strong><\/th>\n<\/tr>\n<\/thead>\n<tbody class=\"row-striping row-hover\">\n<tr class=\"row-2\">\n\t<td class=\"column-1\"><center><strong>0<\/strong><\/center><\/td><td class=\"column-2\"><strong>Nessuno<\/strong><\/td><td class=\"column-3\"><strong>Nessuno<\/strong><\/td>\n<\/tr>\n<tr class=\"row-3\">\n\t<td class=\"column-1\"><center><strong>1<\/strong><\/center><\/td><td class=\"column-2\"><strong>Lieve<\/strong> (<20 pomfi\/24h)<\/td><td class=\"column-3\"><strong>Lieve<\/strong> (presente ma non fastidioso)<\/td>\n<\/tr>\n<tr class=\"row-4\">\n\t<td class=\"column-1\"><center><strong>2<\/strong><\/center><\/td><td class=\"column-2\"><strong>Moderato<\/strong> (20-50 pomfi\/24h)<\/td><td class=\"column-3\"><strong>Moderato<\/strong> (fastidioso, non interferisce con le attivit\u00e0 quotidiane o il sonno)<\/td>\n<\/tr>\n<tr class=\"row-5\">\n\t<td class=\"column-1\"><center><strong>3<\/strong><\/center><\/td><td class=\"column-2\"><strong>Intenso<\/strong>(>20-50 pomfi\/24h e\/o confluenti)<\/td><td class=\"column-3\"><strong>Intenso<\/strong> (prurito intenso che interferisce con le attivit\u00e0 quotidiane o il sonno)<\/td>\n<\/tr>\n<\/tbody>\n<\/table>\n<!-- #tablepress-15 from cache -->\n\n\n<p>L\u2019<strong>UAS7<\/strong> rappresenta il punteggio UAS totale di 7 giorni consecutivi. L\u2019UAS7 \u00e8 usato nella routine della pratica clinica per determinare l\u2019attivit\u00e0 di malattia e la risposta al trattamento.Varia da un minimo di 0 ad un massimo di 42.<\/p>\n\n\n\n<h2 id=\"rtoc-5\"  class=\"wp-block-heading\"><span class=\"ez-toc-section\" id=\"Algoritmo_di_trattamento\"><\/span>Algoritmo di trattamento<span class=\"ez-toc-section-end\"><\/span><\/h2>\n\n\n<div class=\"wp-block-image\">\n<figure class=\"alignright size-large is-resized\"><a href=\"https:\/\/amzn.to\/3HoTKwZ\" target=\"_blank\" rel=\"noreferrer noopener\"><img loading=\"lazy\" decoding=\"async\" width=\"789\" height=\"1024\" src=\"https:\/\/www.bmscience.net\/blog\/wp-content\/uploads\/2024\/01\/Immunologia-cellulare-e-molecolare-789x1024.jpg\" alt=\"\" class=\"wp-image-18510\" style=\"width:150px;height:auto\" srcset=\"https:\/\/www.bmscience.net\/blog\/wp-content\/uploads\/2024\/01\/Immunologia-cellulare-e-molecolare-789x1024.jpg 789w, https:\/\/www.bmscience.net\/blog\/wp-content\/uploads\/2024\/01\/Immunologia-cellulare-e-molecolare-231x300.jpg 231w, https:\/\/www.bmscience.net\/blog\/wp-content\/uploads\/2024\/01\/Immunologia-cellulare-e-molecolare-768x996.jpg 768w, https:\/\/www.bmscience.net\/blog\/wp-content\/uploads\/2024\/01\/Immunologia-cellulare-e-molecolare.jpg 925w\" sizes=\"auto, (max-width: 789px) 100vw, 789px\" \/><\/a><figcaption class=\"wp-element-caption\"><strong><a href=\"https:\/\/amzn.to\/3HoTKwZ\" target=\"_blank\" rel=\"noreferrer noopener\">Acquista ora<\/a><\/strong><\/figcaption><\/figure>\n<\/div>\n\n\n<p>Per quanto concerne il trattamento dell\u2019orticaria cronica spontanea, le ultime linee guida prevedono un algoritmo di trattamento in <strong>4 step<\/strong> con un controllo ogni 2-4 settimane o prima in caso di sintomi non tollerabili.<\/p>\n\n\n\n<p>Il primo \u00e8 rappresentato dalla somministrazione di <strong>antistaminici<\/strong> di seconda generazione (sgAH) per poi aumentarne la dose (fino a 4x) in caso di controllo inadeguato.<br>Nel caso il problema persiste si aggiunge <strong>Omalizumab<\/strong>, se i sintomi non sono tollerabili, oppure <strong>ciclosporina<\/strong> qualora l&#8217;omalizumab risultasse inefficace.<\/p>\n\n\n\n<p>Quasi il 50% delle persone con orticaria cronica non rispondono al trattamento con anti-H<sub>1<\/sub> a dosi approvate. Anche a dosi aumentate rimangono circa 30% delle persone che non rispondono al trattamento.<\/p>\n\n\n\n<p>Viene considerato eleggibile al trattamento con omalizumab un paziente che abbia un <strong>UAS7 maggiore di 16<\/strong>.<br>Diversi studi sono stati condotti con omalizumab che ha dimostrato efficacia clinica nel trattamento della orticaria cronica spontanea ottenendo il controllo dei sintomi nella quasi totalit\u00e0 dei pazienti. Omalizumab ha anche dimostrato una ottima tollerabilit\u00e0 per assenza di effetti collaterali in tutte le 655 singole somministrazioni.<\/p>\n\n\n\n<blockquote class=\"wp-block-quote is-layout-flow wp-block-quote-is-layout-flow\">\n<p>Fonte: <a href=\"https:\/\/amzn.to\/3HoTKwZ\" target=\"_blank\" rel=\"noreferrer noopener\">Immunologia cellulare e molecolare<\/a>.<\/p>\n<\/blockquote>\n\n\n<div id=\"bmscience505389505\" style=\"margin-top: 15px;margin-bottom: 15px;margin-left: auto;margin-right: auto;text-align: center;\"><a href=\"https:\/\/amzn.to\/4k99l5m\" target=\"_blank\" aria-label=\"61UyjW6SPoL._SX3000_\"><img loading=\"lazy\" decoding=\"async\" src=\"https:\/\/www.bmscience.net\/blog\/wp-content\/uploads\/2025\/05\/61UyjW6SPoL._SX3000_-scaled.jpg\" alt=\"\"  srcset=\"https:\/\/www.bmscience.net\/blog\/wp-content\/uploads\/2025\/05\/61UyjW6SPoL._SX3000_-scaled.jpg 2560w, https:\/\/www.bmscience.net\/blog\/wp-content\/uploads\/2025\/05\/61UyjW6SPoL._SX3000_-300x68.jpg 300w, https:\/\/www.bmscience.net\/blog\/wp-content\/uploads\/2025\/05\/61UyjW6SPoL._SX3000_-1024x232.jpg 1024w, https:\/\/www.bmscience.net\/blog\/wp-content\/uploads\/2025\/05\/61UyjW6SPoL._SX3000_-768x174.jpg 768w, https:\/\/www.bmscience.net\/blog\/wp-content\/uploads\/2025\/05\/61UyjW6SPoL._SX3000_-1536x348.jpg 1536w, https:\/\/www.bmscience.net\/blog\/wp-content\/uploads\/2025\/05\/61UyjW6SPoL._SX3000_-2048x465.jpg 2048w\" sizes=\"auto, (max-width: 2560px) 100vw, 2560px\" width=\"2560\" height=\"581\"  style=\"display: inline-block;\" \/><\/a><\/div>","protected":false},"excerpt":{"rendered":"<p>L\u2019orticaria \u00e8 una dermatosi infiammatoria caratterizzata dalla presenza di pomfi pruriginosi, angioedema o entrambi. Il pomfo si presenta di dimensioni variabile, quasi costantemente circondato da area eritematosa e di natura fugace regredendo, di solito, in un lasso di tempo compreso tra 30 minuti e 24 ore. L\u2019angioedema, che coinvolge pi\u00f9 frequentemente le regioni labiale e&hellip;<\/p>\n<p class=\"more\"><a class=\"more-link\" href=\"https:\/\/www.bmscience.net\/blog\/lorticaria-clinica-e-trattamento\/\">Continue reading <span class=\"screen-reader-text\">L&#8217;orticaria: clinica e trattamento<\/span><\/a><\/p>\n","protected":false},"author":4,"featured_media":0,"comment_status":"open","ping_status":"open","sticky":false,"template":"","format":"standard","meta":{"advgb_blocks_editor_width":"","advgb_blocks_columns_visual_guide":"","footnotes":""},"categories":[39,55],"tags":[366,532,626,1632,3082,4190,4676,5307,5404,5405,5406,5407,5850,5851,6241,7803],"class_list":["post-17463","post","type-post","status-publish","format-standard","hentry","category-allergologia","category-dermatologia","tag-allergia-alimentare","tag-angioedema","tag-antistaminici","tag-ciclosporina","tag-fattore-di-attivazione-piastrinica","tag-istamina","tag-mastociti","tag-omalizumab","tag-orticaria","tag-orticaria-cronica","tag-orticaria-cronica-spontanea","tag-orticaria-inducibile","tag-pomfi","tag-pomfi-pruriginosi","tag-reazione-avversa-a-farmaci","tag-urticaria-activity-score","entry"],"author_meta":{"display_name":"Raffo Coco","author_link":"https:\/\/www.bmscience.net\/blog\/author\/raffo\/"},"featured_img":null,"coauthors":[],"tax_additional":{"categories":{"linked":["<a href=\"https:\/\/www.bmscience.net\/blog\/category\/medicina\/allergologia\/\" class=\"advgb-post-tax-term\">Allergologia<\/a>","<a href=\"https:\/\/www.bmscience.net\/blog\/category\/medicina\/dermatologia\/\" class=\"advgb-post-tax-term\">Dermatologia<\/a>"],"unlinked":["<span class=\"advgb-post-tax-term\">Allergologia<\/span>","<span class=\"advgb-post-tax-term\">Dermatologia<\/span>"]},"tags":{"linked":["<a href=\"https:\/\/www.bmscience.net\/blog\/category\/medicina\/dermatologia\/\" class=\"advgb-post-tax-term\">allergia alimentare<\/a>","<a href=\"https:\/\/www.bmscience.net\/blog\/category\/medicina\/dermatologia\/\" class=\"advgb-post-tax-term\">angioedema<\/a>","<a href=\"https:\/\/www.bmscience.net\/blog\/category\/medicina\/dermatologia\/\" class=\"advgb-post-tax-term\">antistaminici<\/a>","<a href=\"https:\/\/www.bmscience.net\/blog\/category\/medicina\/dermatologia\/\" class=\"advgb-post-tax-term\">ciclosporina<\/a>","<a href=\"https:\/\/www.bmscience.net\/blog\/category\/medicina\/dermatologia\/\" class=\"advgb-post-tax-term\">fattore di attivazione piastrinica<\/a>","<a href=\"https:\/\/www.bmscience.net\/blog\/category\/medicina\/dermatologia\/\" class=\"advgb-post-tax-term\">istamina<\/a>","<a href=\"https:\/\/www.bmscience.net\/blog\/category\/medicina\/dermatologia\/\" class=\"advgb-post-tax-term\">mastociti<\/a>","<a href=\"https:\/\/www.bmscience.net\/blog\/category\/medicina\/dermatologia\/\" class=\"advgb-post-tax-term\">Omalizumab<\/a>","<a href=\"https:\/\/www.bmscience.net\/blog\/category\/medicina\/dermatologia\/\" class=\"advgb-post-tax-term\">orticaria<\/a>","<a href=\"https:\/\/www.bmscience.net\/blog\/category\/medicina\/dermatologia\/\" class=\"advgb-post-tax-term\">orticaria cronica<\/a>","<a href=\"https:\/\/www.bmscience.net\/blog\/category\/medicina\/dermatologia\/\" class=\"advgb-post-tax-term\">orticaria cronica spontanea<\/a>","<a href=\"https:\/\/www.bmscience.net\/blog\/category\/medicina\/dermatologia\/\" class=\"advgb-post-tax-term\">orticaria inducibile<\/a>","<a href=\"https:\/\/www.bmscience.net\/blog\/category\/medicina\/dermatologia\/\" class=\"advgb-post-tax-term\">pomfi<\/a>","<a href=\"https:\/\/www.bmscience.net\/blog\/category\/medicina\/dermatologia\/\" class=\"advgb-post-tax-term\">pomfi pruriginosi<\/a>","<a href=\"https:\/\/www.bmscience.net\/blog\/category\/medicina\/dermatologia\/\" class=\"advgb-post-tax-term\">reazione avversa a farmaci<\/a>","<a href=\"https:\/\/www.bmscience.net\/blog\/category\/medicina\/dermatologia\/\" class=\"advgb-post-tax-term\">Urticaria Activity Score<\/a>"],"unlinked":["<span class=\"advgb-post-tax-term\">allergia alimentare<\/span>","<span class=\"advgb-post-tax-term\">angioedema<\/span>","<span class=\"advgb-post-tax-term\">antistaminici<\/span>","<span class=\"advgb-post-tax-term\">ciclosporina<\/span>","<span class=\"advgb-post-tax-term\">fattore di attivazione piastrinica<\/span>","<span class=\"advgb-post-tax-term\">istamina<\/span>","<span class=\"advgb-post-tax-term\">mastociti<\/span>","<span class=\"advgb-post-tax-term\">Omalizumab<\/span>","<span class=\"advgb-post-tax-term\">orticaria<\/span>","<span class=\"advgb-post-tax-term\">orticaria cronica<\/span>","<span class=\"advgb-post-tax-term\">orticaria cronica spontanea<\/span>","<span class=\"advgb-post-tax-term\">orticaria inducibile<\/span>","<span class=\"advgb-post-tax-term\">pomfi<\/span>","<span class=\"advgb-post-tax-term\">pomfi pruriginosi<\/span>","<span class=\"advgb-post-tax-term\">reazione avversa a farmaci<\/span>","<span class=\"advgb-post-tax-term\">Urticaria Activity Score<\/span>"]}},"comment_count":"0","relative_dates":{"created":"Pubblicato 4 anni fa","modified":"Aggiornato 2 anni fa"},"absolute_dates":{"created":"Pubblicato il 09\/12\/2021","modified":"Aggiornato il 17\/01\/2024"},"absolute_dates_time":{"created":"Pubblicato il 09\/12\/2021 22:38","modified":"Aggiornato il 17\/01\/2024 23:00"},"featured_img_caption":"","series_order":"","_links":{"self":[{"href":"https:\/\/www.bmscience.net\/blog\/wp-json\/wp\/v2\/posts\/17463","targetHints":{"allow":["GET"]}}],"collection":[{"href":"https:\/\/www.bmscience.net\/blog\/wp-json\/wp\/v2\/posts"}],"about":[{"href":"https:\/\/www.bmscience.net\/blog\/wp-json\/wp\/v2\/types\/post"}],"author":[{"embeddable":true,"href":"https:\/\/www.bmscience.net\/blog\/wp-json\/wp\/v2\/users\/4"}],"replies":[{"embeddable":true,"href":"https:\/\/www.bmscience.net\/blog\/wp-json\/wp\/v2\/comments?post=17463"}],"version-history":[{"count":0,"href":"https:\/\/www.bmscience.net\/blog\/wp-json\/wp\/v2\/posts\/17463\/revisions"}],"wp:attachment":[{"href":"https:\/\/www.bmscience.net\/blog\/wp-json\/wp\/v2\/media?parent=17463"}],"wp:term":[{"taxonomy":"category","embeddable":true,"href":"https:\/\/www.bmscience.net\/blog\/wp-json\/wp\/v2\/categories?post=17463"},{"taxonomy":"post_tag","embeddable":true,"href":"https:\/\/www.bmscience.net\/blog\/wp-json\/wp\/v2\/tags?post=17463"}],"curies":[{"name":"wp","href":"https:\/\/api.w.org\/{rel}","templated":true}]}}